{"id":9255,"date":"2023-04-01T13:16:10","date_gmt":"2023-04-01T11:16:10","guid":{"rendered":"https:\/\/www.ease.fr\/wordpress\/?p=9255"},"modified":"2023-07-25T11:38:36","modified_gmt":"2023-07-25T09:38:36","slug":"portrait-ivan-titi","status":"publish","type":"post","link":"https:\/\/www.ease.fr\/wordpress\/2023\/04\/01\/portrait-ivan-titi\/","title":{"rendered":"(Portrait) Ivan aka DoubletiVanChat"},"content":{"rendered":"\n<figure class=\"wp-block-image aligncenter size-large\"><img loading=\"lazy\" decoding=\"async\" width=\"600\" height=\"568\" src=\"https:\/\/www.ease.fr\/wordpress\/wp-content\/uploads\/Ouam-barbu-2023-600x568.jpeg\" alt=\"\" class=\"wp-image-10484\"\/><figcaption class=\"wp-element-caption\"><strong>Ivan DoubletiVanchat<\/strong><\/figcaption><\/figure>\n\n\n\n<p class=\"has-text-align-left\"><strong>Ivan<\/strong>, \u00e9galement connu sous les pseudonymes de <strong><em>Titi <\/em><\/strong>ou Doubleti<strong><em>Vanchat<\/em><\/strong>, est n\u00e9 en 1976 \u00e0 Paris, au sein d&rsquo;une famille franco-yougoslave aux id\u00e9es libertaires.<\/p>\n\n\n\n<h2 class=\"wp-block-heading\"><br><strong>== Jeunesse et \u00e9ducation ==<\/strong><\/h2>\n\n\n\n<p class=\"has-text-align-left\"><br><strong>Ivan <\/strong>poursuit ses \u00e9tudes dans le 18\u00e8me arrondissement jusqu&rsquo;en 1995. Il se passionne rapidement pour l&rsquo;\u00e9ducation et l&rsquo;informatique. il s&rsquo;initie aux ordinateurs <strong>Thomson MO5\/TO7, AMSTRAD, CPC6128, ATARI 512ST et AMIGA 500\/2000<\/strong>, s&rsquo;adonnant aux jeux vid\u00e9o et se passionnant pour le mouvement <strong>Open source<\/strong> \u00e0 travers les <strong>DOM-PUB(s)<\/strong> (logiciels du domaine public) et les langages informatiques tels que le <strong>BASIC <\/strong>et le <strong>C++<\/strong>. Il d\u00e9clare dans un entretien : \u00ab\u00a0J&rsquo;ai toujours \u00e9t\u00e9 fascin\u00e9 par la technologie et la fa\u00e7on dont elle peut transformer notre monde.\u00a0\u00bb<\/p>\n\n\n\n<figure class=\"wp-block-image aligncenter size-large is-resized\"><img loading=\"lazy\" decoding=\"async\" src=\"https:\/\/www.ease.fr\/wordpress\/wp-content\/uploads\/Orange-Baba-600x924.jpg\" alt=\"\" class=\"wp-image-10092\" width=\"300\" height=\"462\"\/><\/figure>\n\n\n\n<h2 class=\"wp-block-heading\"><br><strong>== Premi\u00e8res influences musicales ==<\/strong><\/h2>\n\n\n\n<p class=\"has-text-align-left\"><br>Gr\u00e2ce \u00e0 sa famille adoptive, Titi a l&rsquo;occasion d&rsquo;assister \u00e0 un grand nombre de concerts. Titi traine dans les bureaux de Scorpio Productions qui produit des artistes de renom tels que (entres autres) <strong>David Bowie, les Pogues, Sade ou Stephan Eicher<\/strong>. Il suit \u00e9galement les repr\u00e9sentations de <strong>Bernard Lavilliers<\/strong>, d\u00e9couvrant par la m\u00eame occasion l&rsquo;univers des concerts sur la sc\u00e8ne parisienne des ann\u00e9es <strong>80 <\/strong>et <strong>90<\/strong>. Titi se souvient : \u00ab\u00a0Ces exp\u00e9riences m&rsquo;ont profond\u00e9ment marqu\u00e9 et ont influenc\u00e9 ma vision du Monde et de la cr\u00e9ation artistique.\u00a0\u00bb<\/p>\n\n\n\n<h2 class=\"wp-block-heading\"><br><strong>== Sc\u00e8ne underground parisienne ==<\/strong><\/h2>\n\n\n\n<p class=\"has-text-align-left\"><br>Tout au long de ses aventures, Titi s&rsquo;immerge dans la sc\u00e8ne underground du patin \u00e0 roulettes \u00e0 Paris, fr\u00e9quentant le <strong>Paris Hockey Club<\/strong> de la Halle Saint Pierre \u00e0 Montmartre, puis parcourant les rues de la capitale et se rendant principalement au Trocad\u00e9ro. Il se joint \u00e9galement au mouvement du graffiti des ann\u00e9es 90 dans la r\u00e9gion Parisienne sous les noms de <strong><em>HASTE <\/em><\/strong>ou <strong><em>STEHA<\/em><\/strong>, int\u00e9grant les crews <strong>SEP <\/strong>&amp; <strong>M18 <\/strong>aux c\u00f4t\u00e9s des c\u00e9l\u00e8bres <strong><em>ERODTWO, NOWART, GALER, OLAF <\/em><\/strong>et <strong><em>MESH<\/em><\/strong>. \u00ab\u00a0C&rsquo;\u00e9tait une p\u00e9riode tr\u00e8s cr\u00e9ative et intense pour moi\u00a0\u00bb, confie Ivan. <\/p>\n\n\n\n<figure class=\"wp-block-image aligncenter size-full\"><img loading=\"lazy\" decoding=\"async\" width=\"2152\" height=\"1203\" src=\"https:\/\/www.ease.fr\/wordpress\/wp-content\/uploads\/SHEMEY-WEAR-MARGOT-STEHA-CRIME-VANDALS.png\" alt=\"\" class=\"wp-image-10084\" srcset=\"https:\/\/www.ease.fr\/wordpress\/wp-content\/uploads\/SHEMEY-WEAR-MARGOT-STEHA-CRIME-VANDALS.png 2152w, https:\/\/www.ease.fr\/wordpress\/wp-content\/uploads\/SHEMEY-WEAR-MARGOT-STEHA-CRIME-VANDALS-1280x716.png 1280w, https:\/\/www.ease.fr\/wordpress\/wp-content\/uploads\/SHEMEY-WEAR-MARGOT-STEHA-CRIME-VANDALS-980x548.png 980w, https:\/\/www.ease.fr\/wordpress\/wp-content\/uploads\/SHEMEY-WEAR-MARGOT-STEHA-CRIME-VANDALS-480x268.png 480w\" sizes=\"(min-width: 0px) and (max-width: 480px) 480px, (min-width: 481px) and (max-width: 980px) 980px, (min-width: 981px) and (max-width: 1280px) 1280px, (min-width: 1281px) 2152px, 100vw\" \/><figcaption class=\"wp-element-caption\">\u00ab\u00a0Les vandales du rail\u00a0\u00bb reportage <strong>Canal+<\/strong> \u00a9 2023<\/figcaption><\/figure>\n\n\n\n<h2 class=\"wp-block-heading\"><br><strong>== Exp\u00e9rience militaire et vie alternative ==<\/strong><\/h2>\n\n\n\n<p class=\"has-text-align-left\"><br>Apr\u00e8s une enfance \u00e9panouissante, Titi s&rsquo;oppose \u00e0 la fin de ses \u00e9tudes \u00e0 l&rsquo;id\u00e9e d&rsquo;effectuer son service militaire. Il tente de d\u00e9serter, mais se retrouve rattrap\u00e9 par le syst\u00e8me militaire. Il pr\u00e9sente alors une demande d&rsquo;objecteur de conscience, qui restera inachev\u00e9e pendant cinq ans. Cette exp\u00e9rience lui apprend \u00e0 s&rsquo;extraire du syst\u00e8me, en vivant sans emploi, sans domicile fixe et sans traces bancaires, lui enseignant ainsi \u00e0 adopter un mode de vie alternatif. Ivan admet avoir travers\u00e9 de longues p\u00e9riodes de flou, mais il a r\u00e9ussi \u00e0 mettre fin \u00e0 certains de ses comportements auto destructeurs.<\/p>\n\n\n\n<h2 class=\"wp-block-heading\"><br><strong>== Carri\u00e8re professionnelle ==<\/strong><\/h2>\n\n\n\n<p class=\"has-text-align-left\">Durant les ann\u00e9es 2000, Ivan \u0153uvre dans le domaine de l&rsquo;informatique pour des entreprises telles que <strong>Dassault Syst\u00e8mes<\/strong> ou <strong>Aventis <\/strong>\/ <strong>Rh\u00f4ne Poulenc<\/strong>. Il s&rsquo;initie aux syst\u00e8mes <strong>CATIA <\/strong>et aux logiciels de cr\u00e9ation 3D [1], \u00e0 la vid\u00e9o avec <strong>AVID <\/strong>et \u00e0 la musique gr\u00e2ce aux suites de Steinberg. \u00c0 la mort de son p\u00e8re en 2003, il participe \u00e0 la d\u00e9coration des loges et des coulisses lors d&rsquo;un double concert de <strong>David Bowie<\/strong> au <strong>Palais Omnisports de Paris-Bercy (POPB)<\/strong>. C\u2019est l\u2019\u00e9v\u00e9nement qui d\u00e9bute sa carri\u00e8re dans le monde du spectacle sous le nom de .. <strong>Titi<\/strong>. (d\u00e9cid\u00e9ment ce nom lui colle \u00e0 la peau)<\/p>\n\n\n\n<figure class=\"wp-block-image aligncenter size-large is-resized\"><img loading=\"lazy\" decoding=\"async\" src=\"https:\/\/www.ease.fr\/wordpress\/wp-content\/uploads\/PASSALLACCESS-600x842.jpg\" alt=\"\" class=\"wp-image-10108\" width=\"450\" height=\"632\"\/><\/figure>\n\n\n\n<p class=\"has-text-align-left\"><br>Apr\u00e8s encore maintes et maintes rencontres avec les productions Parisiennes et Fran\u00e7aises, en 2005, il fonde une entreprise sp\u00e9cialis\u00e9e dans la d\u00e9coration et les services destin\u00e9s aux productions artistiques. Pendant presque 10 ans il supervise la d\u00e9coration des coulisses pour diff\u00e9rents \u00e9v\u00e9nements : musique live, t\u00e9l\u00e9vision, cin\u00e9ma. Il est en charge de la d\u00e9coration des loges pour <strong>La Musicale de Canal+, Europe2LIVE, Rock en Seine, Le Hellfest<\/strong>, ainsi que des concerts se d\u00e9roulant au <strong>Z\u00e9nith <\/strong>et au <strong>POPB (Accor Arena)<\/strong> \u00e0 Paris. <strong>Madonna, Chris Brown, Mariah Carey<\/strong>,<strong> Alicia Keys, Amy Winehouse,  Genesys, Barbara Streisand, les Red Hot Chili Peppers, M, Les White Stripes<\/strong> et tant et tant d\u2019autres. Tous sont re\u00e7us par les soins experts de <strong>Titi<\/strong>. Il exerce cette activit\u00e9 de 2005 jusqu\u2019\u00e0 un arr\u00eat brutal en 2013. Diminu\u00e9, fatigu\u00e9, Doubleti se mets alors \u00ab au vert \u00bb.<\/p>\n\n\n\n<h2 class=\"wp-block-heading\"><br><strong>== Retraite et projets actuels ==<\/strong><\/h2>\n\n\n\n<p class=\"has-text-align-left\"><br>Depuis 2015, Titi change ses habitudes et se consacre \u00e0 la garde d&rsquo;animaux de ferme dans le B\u00e9arn. Chevaux, Moutons, Ch\u00e8vres, Poules, Canards, tous l&rsquo;aident \u00e0 se remettre. Menant une vie retir\u00e9e, presque celle d&rsquo;un ermite, il r\u00e9side tranquillement aux Coges avec ses b\u00eates. En plein c\u0153ur du B\u00e9arn verdoyant, ils vivent une vie paisible. <\/p>\n\n\n\n<p class=\"has-text-align-left\">Pendant ce temps il continue l\u2019informatique et se forme \u00e0 la programmation <strong>HTML<\/strong>, <strong>CSS <\/strong>et <strong>JavaScript<\/strong>. Il apprends la conception de sites web et r\u00e9pare des machines. Il continue de progresser tant bien qu\u2019en 2019 il cr\u00e9e <strong><em>EASE.FR<\/em><\/strong> un blog personnel g\u00e9n\u00e9raliste pour les 7 \u00e0 77 ans. Apr\u00e8s deux ans d\u2019existence le site trouve enfin sa forme. Et c\u2019est en 2022 qu\u2019Ivan cr\u00e9e une organisation ayant pour but la production d\u2019\u0153uvres audio et la promotion de la lecture aupr\u00e8s des publics malvoyants, jeunes et handicap\u00e9s. \u00ab\u00a0Je veux mettre mes comp\u00e9tences au service des personnes ayant des difficult\u00e9s d&rsquo;acc\u00e8s<br>\u00e0 la lecture\u00a0\u00bb, explique Ivan.<\/p>\n\n\n\n<p class=\"has-text-align-left\">Doubleti retourne toujours de temps en temps sur des concerts en backstage comme ceux de <strong>Gi\u00e9dr\u00e9<\/strong>, <strong>Pierre Emmanuel Barr\u00e9,<\/strong>  <strong>Metallica<\/strong>, <strong>Le Hellfest<\/strong>, <strong>D\u00e9p\u00eache Mode<\/strong>, mais il est beaucoup plus calme qu&rsquo;avant, il a bien appris de ses erreurs pass\u00e9es. <\/p>\n\n\n\n<h2 class=\"wp-block-heading\"><br><strong>== Passion pour la musique ==<\/strong><\/h2>\n\n\n\n<figure class=\"wp-block-image aligncenter size-large\"><img loading=\"lazy\" decoding=\"async\" width=\"600\" height=\"600\" src=\"https:\/\/www.ease.fr\/wordpress\/wp-content\/uploads\/VANCHAT-PUSSYWAGON-600x600.jpg\" alt=\"\" class=\"wp-image-10099\"\/><figcaption class=\"wp-element-caption\">Pochette de l&rsquo;EP \u00ab\u00a0<strong>Vanchat<\/strong>\u00a0\u00bb <strong>\u00a9 2022<\/strong><\/figcaption><\/figure>\n\n\n\n<p class=\"has-text-align-left\"><br><strong>Doubleti <\/strong>a \u00e9galement d\u00e9velopp\u00e9 un int\u00e9r\u00eat pour la musique, notamment en jouant du piano en tant qu&rsquo;amateur et autodidacte. Depuis 2017, il s&rsquo;est familiaris\u00e9 avec le logiciel <strong>Ableton Live<\/strong>, lui permettant de composer et produire de la musique \u00e9lectronique. Sous le nom d&rsquo;artiste \u00ab\u00a0<strong>Vanchat<\/strong>\u00ab\u00a0, il partage sa musique sur la plateforme <strong><a href=\"https:\/\/soundcloud.com\/doubletivanchat\" target=\"_blank\" rel=\"noopener\" title=\"\">SoundCloud<\/a><\/strong>, o\u00f9 il a r\u00e9ussi \u00e0 f\u00e9d\u00e9rer un tout petit public. En 2022, il franchit une nouvelle \u00e9tape en sortant un album \u00e9ponyme, fruit de son travail assidu et de sa passion pour la musique. Pour cet album, il collabore avec <strong>Paul Axiom<\/strong>, un beatmaker talentueux, qui contribue \u00e0 la qualit\u00e9 et \u00e0 l&rsquo;originalit\u00e9 des morceaux produits par le duo. On notera le titre \u00ab<a href=\"https:\/\/soundcloud.com\/doubletivanchat\/noneedyou-radio-edit\" target=\"_blank\" rel=\"noopener nofollow\" title=\"\"> <strong><em>No need you <\/em><\/strong><\/a>\u00bb de 2023 fruit de la collaboration des deux amis. \u00ab\u00a0La musique est un moyen pour moi de m&rsquo;exprimer et de partager mes \u00e9motions avec les autres\u00a0\u00bb, d\u00e9clare Vanchat.<\/p>\n\n\n\n<h2 class=\"wp-block-heading\"><br><strong>== Lutte contre les algies vasculaires de la face ==<\/strong><\/h2>\n\n\n\n<p class=\"has-text-align-left\"><br>Depuis 2009, Ivan est atteint d&rsquo;<strong>algies vasculaires de la face (AVF)<\/strong> chronique du c\u00f4t\u00e9 gauche, une affection neurologique rare et extr\u00eamement douloureuse. Malgr\u00e9 les difficult\u00e9s et la souffrance caus\u00e9es par cette maladie, Ivan continue de se battre et de mener une vie active. Sensibilis\u00e9 par sa propre exp\u00e9rience, il est devenu membre de l&rsquo;Association Fran\u00e7aise (<strong>AFCAVF<\/strong>), qui milite pour les droits et la reconnaissance des personnes souffrant d&rsquo;algies vasculaires de la face. Ivan s&rsquo;engage activement dans la sensibilisation du grand public et des professionnels de la sant\u00e9 \u00e0 cette maladie m\u00e9connue, afin d&rsquo;am\u00e9liorer la prise en charge des personnes atteintes. Il participe \u00e9galement aux efforts de collecte de fonds pour soutenir la recherche m\u00e9dicale dans ce domaine. \u00ab\u00a0C&rsquo;est un combat personnel, mais aussi un combat pour tous ceux qui souffrent d&rsquo;algies vasculaires de la face. Nous devons unir nos forces pour faire avancer la recherche et am\u00e9liorer la qualit\u00e9 de vie des personnes touch\u00e9es\u00a0\u00bb, affirme t&rsquo;il [2] .<\/p>\n\n\n\n<figure class=\"wp-block-image aligncenter size-full\"><img loading=\"lazy\" decoding=\"async\" width=\"420\" height=\"420\" src=\"https:\/\/www.ease.fr\/wordpress\/wp-content\/uploads\/Handicap-Invisible.jpg\" alt=\"\" class=\"wp-image-8341\" srcset=\"https:\/\/www.ease.fr\/wordpress\/wp-content\/uploads\/Handicap-Invisible.jpg 420w, https:\/\/www.ease.fr\/wordpress\/wp-content\/uploads\/Handicap-Invisible-300x300.jpg 300w, https:\/\/www.ease.fr\/wordpress\/wp-content\/uploads\/Handicap-Invisible-100x100.jpg 100w, https:\/\/www.ease.fr\/wordpress\/wp-content\/uploads\/Handicap-Invisible-150x150.jpg 150w\" sizes=\"(max-width: 420px) 100vw, 420px\" \/><figcaption class=\"wp-element-caption\">AVF &#8211; Les handicaps sont parfois invisibles<\/figcaption><\/figure>\n\n\n\n<h2 class=\"wp-block-heading\"><br><strong>== Vie personnelle ==<\/strong><\/h2>\n\n\n\n<p class=\"has-text-align-left\"><br>Doubleti est une personne r\u00e9serv\u00e9e et discr\u00e8te. Malgr\u00e9 les \u00e9preuves travers\u00e9es, il a su se relever et continuer \u00e0 avancer. Il est aujourd&rsquo;hui engag\u00e9 dans divers projets, partageant son temps entre sa passion pour la musique, son engagement en faveur des personnes atteintes <strong>d&rsquo;AVF <\/strong>et son association EASE Productions ..<\/p>\n\n\n\n<p class=\"has-text-align-left\"><br>** R\u00e9f\u00e9rences **<br>[1] AUTODESK  3DS Max \/ Photoshop \/ Blender.<\/p>\n\n\n\n<p class=\"has-text-align-left\">[2] Entretiens 2023.<\/p>\n<span class=\"et_bloom_bottom_trigger\"><\/span>","protected":false},"excerpt":{"rendered":"<p>Ivan, \u00e9galement connu sous les pseudonymes de Titi ou DoubletiVanchat, est n\u00e9 en 1976 \u00e0 Paris, au sein d&rsquo;une famille franco-yougoslave aux id\u00e9es libertaires. == Jeunesse et \u00e9ducation == Ivan poursuit ses \u00e9tudes dans le 18\u00e8me arrondissement jusqu&rsquo;en 1995. Il se passionne rapidement pour l&rsquo;\u00e9ducation et l&rsquo;informatique. il s&rsquo;initie aux ordinateurs Thomson MO5\/TO7, AMSTRAD, CPC6128, [&hellip;]<\/p>\n","protected":false},"author":1,"featured_media":10083,"comment_status":"open","ping_status":"open","sticky":false,"template":"","format":"standard","meta":{"_et_pb_use_builder":"","_et_pb_old_content":"","_et_gb_content_width":"","episode_type":"audio","audio_file":"","podmotor_file_id":"","podmotor_episode_id":"","cover_image":"","cover_image_id":"","duration":"","filesize":"","filesize_raw":"","date_recorded":"","explicit":"","block":"","itunes_episode_number":"","itunes_title":"","itunes_season_number":"","itunes_episode_type":"","footnotes":""},"categories":[116],"tags":[],"series":[],"class_list":["post-9255","post","type-post","status-publish","format-standard","has-post-thumbnail","hentry","category-equipe"],"aioseo_notices":[],"episode_featured_image":"https:\/\/www.ease.fr\/wordpress\/wp-content\/uploads\/OUAM-LOGO.jpg","episode_player_image":"https:\/\/www.ease.fr\/wordpress\/wp-content\/uploads\/2019\/12\/1200px-Feed-icon.svg.png","download_link":"","player_link":"","audio_player":false,"episode_data":{"playerMode":"dark","subscribeUrls":{"deezer":{"key":"deezer","url":"https:\/\/deezer.com\/show\/4479277","label":"Deezer","class":"deezer","icon":"deezer.png"},"rss":{"key":"rss","url":"","label":"RSS","class":"rss","icon":"rss.png"},"spotify":{"key":"spotify","url":"","label":"Spotify","class":"spotify","icon":"spotify.png"},"tunein":{"key":"tunein","url":"","label":"TuneIn","class":"tunein","icon":"tunein.png"},"youtube":{"key":"youtube","url":"https:\/\/www.youtube.com\/channel\/UCRBu6RTof_RAHHAxUGq1XKg","label":"YouTube","class":"youtube","icon":"youtube.png"},"itunes":{"key":"itunes","url":"","label":"iTunes","class":"itunes","icon":"itunes.png"}},"rssFeedUrl":"https:\/\/www.ease.fr\/wordpress\/feed\/podcast\/default-podcast","embedCode":"<blockquote class=\"wp-embedded-content\" data-secret=\"fy37MsWPq4\"><a href=\"https:\/\/www.ease.fr\/wordpress\/2023\/04\/01\/portrait-ivan-titi\/\">(Portrait) Ivan aka DoubletiVanChat<\/a><\/blockquote><iframe sandbox=\"allow-scripts\" security=\"restricted\" src=\"https:\/\/www.ease.fr\/wordpress\/2023\/04\/01\/portrait-ivan-titi\/embed\/#?secret=fy37MsWPq4\" width=\"500\" height=\"350\" title=\"\u00ab\u00a0(Portrait) Ivan aka DoubletiVanChat\u00a0\u00bb &#8212; Le Journal des Poules\" data-secret=\"fy37MsWPq4\" frameborder=\"0\" marginwidth=\"0\" marginheight=\"0\" scrolling=\"no\" class=\"wp-embedded-content\"><\/iframe><script type=\"text\/javascript\">\n\/* <![CDATA[ *\/\n\/*! This file is auto-generated *\/\n!function(d,l){\"use strict\";l.querySelector&&d.addEventListener&&\"undefined\"!=typeof URL&&(d.wp=d.wp||{},d.wp.receiveEmbedMessage||(d.wp.receiveEmbedMessage=function(e){var t=e.data;if((t||t.secret||t.message||t.value)&&!\/[^a-zA-Z0-9]\/.test(t.secret)){for(var s,r,n,a=l.querySelectorAll('iframe[data-secret=\"'+t.secret+'\"]'),o=l.querySelectorAll('blockquote[data-secret=\"'+t.secret+'\"]'),c=new RegExp(\"^https?:$\",\"i\"),i=0;i<o.length;i++)o[i].style.display=\"none\";for(i=0;i<a.length;i++)s=a[i],e.source===s.contentWindow&&(s.removeAttribute(\"style\"),\"height\"===t.message?(1e3<(r=parseInt(t.value,10))?r=1e3:~~r<200&&(r=200),s.height=r):\"link\"===t.message&&(r=new URL(s.getAttribute(\"src\")),n=new URL(t.value),c.test(n.protocol))&&n.host===r.host&&l.activeElement===s&&(d.top.location.href=t.value))}},d.addEventListener(\"message\",d.wp.receiveEmbedMessage,!1),l.addEventListener(\"DOMContentLoaded\",function(){for(var e,t,s=l.querySelectorAll(\"iframe.wp-embedded-content\"),r=0;r<s.length;r++)(t=(e=s[r]).getAttribute(\"data-secret\"))||(t=Math.random().toString(36).substring(2,12),e.src+=\"#?secret=\"+t,e.setAttribute(\"data-secret\",t)),e.contentWindow.postMessage({message:\"ready\",secret:t},\"*\")},!1)))}(window,document);\n\/\/# sourceURL=https:\/\/www.ease.fr\/wordpress\/wp-includes\/js\/wp-embed.min.js\n\/* ]]> *\/\n<\/script>\n"},"_links":{"self":[{"href":"https:\/\/www.ease.fr\/wordpress\/wp-json\/wp\/v2\/posts\/9255","targetHints":{"allow":["GET"]}}],"collection":[{"href":"https:\/\/www.ease.fr\/wordpress\/wp-json\/wp\/v2\/posts"}],"about":[{"href":"https:\/\/www.ease.fr\/wordpress\/wp-json\/wp\/v2\/types\/post"}],"author":[{"embeddable":true,"href":"https:\/\/www.ease.fr\/wordpress\/wp-json\/wp\/v2\/users\/1"}],"replies":[{"embeddable":true,"href":"https:\/\/www.ease.fr\/wordpress\/wp-json\/wp\/v2\/comments?post=9255"}],"version-history":[{"count":36,"href":"https:\/\/www.ease.fr\/wordpress\/wp-json\/wp\/v2\/posts\/9255\/revisions"}],"predecessor-version":[{"id":10486,"href":"https:\/\/www.ease.fr\/wordpress\/wp-json\/wp\/v2\/posts\/9255\/revisions\/10486"}],"wp:featuredmedia":[{"embeddable":true,"href":"https:\/\/www.ease.fr\/wordpress\/wp-json\/wp\/v2\/media\/10083"}],"wp:attachment":[{"href":"https:\/\/www.ease.fr\/wordpress\/wp-json\/wp\/v2\/media?parent=9255"}],"wp:term":[{"taxonomy":"category","embeddable":true,"href":"https:\/\/www.ease.fr\/wordpress\/wp-json\/wp\/v2\/categories?post=9255"},{"taxonomy":"post_tag","embeddable":true,"href":"https:\/\/www.ease.fr\/wordpress\/wp-json\/wp\/v2\/tags?post=9255"},{"taxonomy":"series","embeddable":true,"href":"https:\/\/www.ease.fr\/wordpress\/wp-json\/wp\/v2\/series?post=9255"}],"curies":[{"name":"wp","href":"https:\/\/api.w.org\/{rel}","templated":true}]}}